{"id":5745,"date":"2024-03-06T15:43:50","date_gmt":"2024-03-06T15:43:50","guid":{"rendered":"https:\/\/testing.gorriz-arias.com\/2024\/03\/06\/extincio-del-contracte-amb-empleada-de-la-llar-per-trasllat-de-domicili-de-lempleador-demo\/"},"modified":"2024-03-06T15:43:50","modified_gmt":"2024-03-06T15:43:50","slug":"extincio-del-contracte-amb-empleada-de-la-llar-per-trasllat-de-domicili-de-lempleador-demo","status":"publish","type":"post","link":"https:\/\/www.gorriz-arias.com\/ca\/2024\/03\/06\/extincio-del-contracte-amb-empleada-de-la-llar-per-trasllat-de-domicili-de-lempleador-demo\/","title":{"rendered":"EXTINCI\u00d3 DEL CONTRACTE AMB EMPLEADA DE LA LLAR PER TRASLLAT DE DOMICILI DE L&#8217;EMPLEADOR (Demo)"},"content":{"rendered":"<p>Aquesta relaci\u00f3 laboral especial basada en la confian\u00e7a dipositada en l&#8217;empleat preveu una causa d&#8217;extinci\u00f3 com la del desistiment, que no requereix causa i nom\u00e9s compleix una s\u00e8rie de requisits, i la posada a disposici\u00f3 d&#8217;una indemnitzaci\u00f3.<\/p>\n<p><a href=\"https:\/\/www.comunicado.es\/workspace\/campaigns\/newsletters\/campaign_content.php?id=f390d3ec7c26fc9ff1773afcae96ec8e9e20627665e880b5b1e36&amp;section=86121\"><span style=\"font-family: 'Roboto Slab', 'Lato', Helvetica, Arial, sans-serif;\">\u2026<\/span> <span style=\"font-family: 'Roboto Slab', 'Lato', Helvetica, Arial, sans-serif;\">LLEGIR M\u00c9S<\/span><\/a><\/p>\n","protected":false},"excerpt":{"rendered":"<p>Aquesta relaci\u00f3 laboral especial basada en la confian\u00e7a dipositada en l&#8217;empleat preveu una causa d&#8217;extinci\u00f3 com la del desistiment, que&#8230;<\/p>\n","protected":false},"author":2,"featured_media":0,"comment_status":"open","ping_status":"closed","sticky":false,"template":"single-fullwidth.php","format":"standard","meta":{"footnotes":""},"categories":[45],"tags":[],"class_list":{"0":"post-5745","1":"post","2":"type-post","3":"status-publish","4":"format-standard","6":"category-per-estar-al-dia-demo-ca"},"aioseo_notices":[],"menu_order":0,"_links":{"self":[{"href":"https:\/\/www.gorriz-arias.com\/ca\/wp-json\/wp\/v2\/posts\/5745","targetHints":{"allow":["GET"]}}],"collection":[{"href":"https:\/\/www.gorriz-arias.com\/ca\/wp-json\/wp\/v2\/posts"}],"about":[{"href":"https:\/\/www.gorriz-arias.com\/ca\/wp-json\/wp\/v2\/types\/post"}],"author":[{"embeddable":true,"href":"https:\/\/www.gorriz-arias.com\/ca\/wp-json\/wp\/v2\/users\/2"}],"replies":[{"embeddable":true,"href":"https:\/\/www.gorriz-arias.com\/ca\/wp-json\/wp\/v2\/comments?post=5745"}],"version-history":[{"count":0,"href":"https:\/\/www.gorriz-arias.com\/ca\/wp-json\/wp\/v2\/posts\/5745\/revisions"}],"wp:attachment":[{"href":"https:\/\/www.gorriz-arias.com\/ca\/wp-json\/wp\/v2\/media?parent=5745"}],"wp:term":[{"taxonomy":"category","embeddable":true,"href":"https:\/\/www.gorriz-arias.com\/ca\/wp-json\/wp\/v2\/categories?post=5745"},{"taxonomy":"post_tag","embeddable":true,"href":"https:\/\/www.gorriz-arias.com\/ca\/wp-json\/wp\/v2\/tags?post=5745"}],"curies":[{"name":"wp","href":"https:\/\/api.w.org\/{rel}","templated":true}]}}