{"id":5733,"date":"2024-04-23T18:02:02","date_gmt":"2024-04-23T18:02:02","guid":{"rendered":"https:\/\/testing.gorriz-arias.com\/2024\/04\/23\/samplia-fins-el-30-de-juny-de-2024-el-termini-perque-els-autonoms-comuniquen-a-la-tgss-les-dades-sobre-la-seva-activitat-economica-o-ocupacio-demo\/"},"modified":"2024-04-23T18:02:02","modified_gmt":"2024-04-23T18:02:02","slug":"samplia-fins-el-30-de-juny-de-2024-el-termini-perque-els-autonoms-comuniquen-a-la-tgss-les-dades-sobre-la-seva-activitat-economica-o-ocupacio-demo","status":"publish","type":"post","link":"https:\/\/www.gorriz-arias.com\/ca\/2024\/04\/23\/samplia-fins-el-30-de-juny-de-2024-el-termini-perque-els-autonoms-comuniquen-a-la-tgss-les-dades-sobre-la-seva-activitat-economica-o-ocupacio-demo\/","title":{"rendered":"S&#8217;AMPLIA FINS EL 30 DE JUNY DE 2024 EL TERMINI PERQU\u00c8 ELS AUT\u00d2NOMS COMUNIQUEN A LA TGSS LES DADES SOBRE LA SEVA ACTIVITAT ECON\u00d2MICA O OCUPACI\u00d3 (Demo)"},"content":{"rendered":"<p><em>D&#8217;acord amb el Reial decret 322\/2024, del 26 de mar\u00e7, s&#8217;estableix un nou termini (fins al 30 de juny del 2024) per a la comunicaci\u00f3 de les dades sobre la seva activitat econ\u00f2mica o ocupaci\u00f3 per part de treballadors aut\u00f2noms que figurin d&#8217;alta , a data 1 d&#8217;abril de 2024, al RETA o al R\u00e8gim Especial de la Seguretat Social dels Treballadors del Mar; i que no hagin comunicat aquestes dades abans de l&#8217;1 de novembre de 2023.<\/em><\/p>\n<p><a href=\"https:\/\/www.comunicado.es\/workspace\/campaigns\/newsletters\/campaign_content.php?id=ef7a13031f6f38c7875cedb7715e6b56edb578a96627da641304b&amp;section=88828\"><span style=\"font-family: 'Roboto Slab', 'Lato', Helvetica, Arial, sans-serif;\">\u2026<\/span> <span style=\"font-family: 'Roboto Slab', 'Lato', Helvetica, Arial, sans-serif;\">LLEGIR M\u00c9S<\/span><\/a><\/p>\n","protected":false},"excerpt":{"rendered":"<p>D&#8217;acord amb el Reial decret 322\/2024, del 26 de mar\u00e7, s&#8217;estableix un nou termini (fins al 30 de juny del&#8230;<\/p>\n","protected":false},"author":2,"featured_media":0,"comment_status":"open","ping_status":"closed","sticky":false,"template":"single-fullwidth.php","format":"standard","meta":{"footnotes":""},"categories":[45],"tags":[],"class_list":{"0":"post-5733","1":"post","2":"type-post","3":"status-publish","4":"format-standard","6":"category-per-estar-al-dia-demo-ca"},"aioseo_notices":[],"menu_order":0,"_links":{"self":[{"href":"https:\/\/www.gorriz-arias.com\/ca\/wp-json\/wp\/v2\/posts\/5733","targetHints":{"allow":["GET"]}}],"collection":[{"href":"https:\/\/www.gorriz-arias.com\/ca\/wp-json\/wp\/v2\/posts"}],"about":[{"href":"https:\/\/www.gorriz-arias.com\/ca\/wp-json\/wp\/v2\/types\/post"}],"author":[{"embeddable":true,"href":"https:\/\/www.gorriz-arias.com\/ca\/wp-json\/wp\/v2\/users\/2"}],"replies":[{"embeddable":true,"href":"https:\/\/www.gorriz-arias.com\/ca\/wp-json\/wp\/v2\/comments?post=5733"}],"version-history":[{"count":0,"href":"https:\/\/www.gorriz-arias.com\/ca\/wp-json\/wp\/v2\/posts\/5733\/revisions"}],"wp:attachment":[{"href":"https:\/\/www.gorriz-arias.com\/ca\/wp-json\/wp\/v2\/media?parent=5733"}],"wp:term":[{"taxonomy":"category","embeddable":true,"href":"https:\/\/www.gorriz-arias.com\/ca\/wp-json\/wp\/v2\/categories?post=5733"},{"taxonomy":"post_tag","embeddable":true,"href":"https:\/\/www.gorriz-arias.com\/ca\/wp-json\/wp\/v2\/tags?post=5733"}],"curies":[{"name":"wp","href":"https:\/\/api.w.org\/{rel}","templated":true}]}}