{"id":5731,"date":"2024-04-23T18:06:06","date_gmt":"2024-04-23T18:06:06","guid":{"rendered":"https:\/\/testing.gorriz-arias.com\/2024\/04\/23\/els-contractes-temporals-en-el-punt-de-mira-de-la-inspeccio-de-treball-demo\/"},"modified":"2024-04-23T18:06:06","modified_gmt":"2024-04-23T18:06:06","slug":"els-contractes-temporals-en-el-punt-de-mira-de-la-inspeccio-de-treball-demo","status":"publish","type":"post","link":"https:\/\/www.gorriz-arias.com\/ca\/2024\/04\/23\/els-contractes-temporals-en-el-punt-de-mira-de-la-inspeccio-de-treball-demo\/","title":{"rendered":"ELS CONTRACTES TEMPORALS EN EL PUNT DE MIRA DE LA INSPECCI\u00d3 DE TREBALL (Demo)"},"content":{"rendered":"<p>La Inspecci\u00f3 de Treball intensifica els seus esfor\u00e7os per combatre el frau en la contractaci\u00f3 temporal. Tot i que des del mar\u00e7 del 2022 aquest tipus de contracte ha desaparegut, no obstant, els contractes celebrats abans del 31 de desembre del 2021 es mantenen vigents fins a la seva durada m\u00e0xima. Aix\u00ed, algunes empreses encara conserven contractes d&#8217;aquesta mena, que continuen regint-se per la normativa anterior. \u00c9s crucial que estigui al corrent de les darreres regulacions i l\u00edmits legals per evitar possibles sancions.<\/p>\n<p><a href=\"https:\/\/www.comunicado.es\/workspace\/campaigns\/newsletters\/campaign_content.php?id=ef7a13031f6f38c7875cedb7715e6b56edb578a96627da641304b&amp;section=88829\"><span style=\"font-family: 'Roboto Slab', 'Lato', Helvetica, Arial, sans-serif;\">\u2026<\/span> <span style=\"font-family: 'Roboto Slab', 'Lato', Helvetica, Arial, sans-serif;\">LLEGIR M\u00c9S<\/span><\/a><\/p>\n","protected":false},"excerpt":{"rendered":"<p>La Inspecci\u00f3 de Treball intensifica els seus esfor\u00e7os per combatre el frau en la contractaci\u00f3 temporal. Tot i que des&#8230;<\/p>\n","protected":false},"author":2,"featured_media":0,"comment_status":"open","ping_status":"closed","sticky":false,"template":"single-fullwidth.php","format":"standard","meta":{"footnotes":""},"categories":[45],"tags":[],"class_list":{"0":"post-5731","1":"post","2":"type-post","3":"status-publish","4":"format-standard","6":"category-per-estar-al-dia-demo-ca"},"aioseo_notices":[],"menu_order":0,"_links":{"self":[{"href":"https:\/\/www.gorriz-arias.com\/ca\/wp-json\/wp\/v2\/posts\/5731","targetHints":{"allow":["GET"]}}],"collection":[{"href":"https:\/\/www.gorriz-arias.com\/ca\/wp-json\/wp\/v2\/posts"}],"about":[{"href":"https:\/\/www.gorriz-arias.com\/ca\/wp-json\/wp\/v2\/types\/post"}],"author":[{"embeddable":true,"href":"https:\/\/www.gorriz-arias.com\/ca\/wp-json\/wp\/v2\/users\/2"}],"replies":[{"embeddable":true,"href":"https:\/\/www.gorriz-arias.com\/ca\/wp-json\/wp\/v2\/comments?post=5731"}],"version-history":[{"count":0,"href":"https:\/\/www.gorriz-arias.com\/ca\/wp-json\/wp\/v2\/posts\/5731\/revisions"}],"wp:attachment":[{"href":"https:\/\/www.gorriz-arias.com\/ca\/wp-json\/wp\/v2\/media?parent=5731"}],"wp:term":[{"taxonomy":"category","embeddable":true,"href":"https:\/\/www.gorriz-arias.com\/ca\/wp-json\/wp\/v2\/categories?post=5731"},{"taxonomy":"post_tag","embeddable":true,"href":"https:\/\/www.gorriz-arias.com\/ca\/wp-json\/wp\/v2\/tags?post=5731"}],"curies":[{"name":"wp","href":"https:\/\/api.w.org\/{rel}","templated":true}]}}